{"id":1334,"date":"2022-09-05T13:02:42","date_gmt":"2022-09-05T11:02:42","guid":{"rendered":"https:\/\/pietrozanantoni.it\/?p=1334"},"modified":"2022-09-05T13:04:59","modified_gmt":"2022-09-05T11:04:59","slug":"il-progetto-renew-italia-ovvero-il-liberalismo-perduto-e-il-partito-che-non-ce-massimo-gaggini-5-settembre-2022","status":"publish","type":"post","link":"https:\/\/pietrozanantoni.it\/?p=1334","title":{"rendered":"Il progetto Renew Italia ovvero il liberalismo perduto e il partito che non c\u2019\u00e8  Massimo Gaggini 5 Settembre 2022"},"content":{"rendered":"\n<p>Cos\u2019\u00e8 il liberalismo perduto? \u00c8 quel male oscuro che ammorba il Paese e che viene dagli albori della nostra Repubblica, quando il nostro Paese libero e liberale fu pesantemente condizionato dal pi\u00f9 grande movimento comunista d\u2019Europa, contrapponendo una diversa visione dello stato, dell\u2019economia, della societ\u00e0, facendo s\u00ec che la matrice liberale andasse a scomparire. Da quel momento ha prevalso lo statalismo, la burocrazia sempre pi\u00f9 asfissiante e attraverso l\u2019uso indiscriminato della spesa pubblica \u00e8 diventato il Paese sopraffatto da lobby, corporazioni, protezionismi, il Paese dei diritti acquisiti a prescindere, se il tempo li ha tramutati in privilegi e, come disse Sergio Marchionne, una societ\u00e0 che vive di soli diritti \u00e8 una societ\u00e0 che muore.<br><br>Ci pu\u00f2 piacere o meno, ma \u00e8 un pezzo d\u2019Italia reale, \u00e8 l\u2019Italia, che campa di debito pubblico e che sempre si \u00e8 opposta hai processi di innovazione e modernizzazione e lo fa anche oggi davanti al fardello dei danni pandemici, all\u2019emergenza climatica, alla inevitabilit\u00e0 di una economia di guerra. Populismo, sovranismo non sono fenomeni del momento, sono i cardini culturali e politici di questo pezzo di societ\u00e0, che va oltre i 5S, va oltre Salvini, va oltre la Meloni. Scomparsi loro non scompare il populismo n\u00e9 il sovranismo, \u00e8 una battaglia culturale prima che elettorale. A questo pezzo di societ\u00e0 si contrappone quella che riconosce la centralit\u00e0 dell\u2019impresa come luogo in cui si costruisce la ricchezza del Paese, del riconoscimento del merito e della competenza, per rimettere in moto l\u2019ascensore sociale bloccato dall\u2019egualitarismo, della concorrenza condizione essenziale per dare dinamicit\u00e0 al sistema produttivo, dell\u2019eguaglianza delle opportunit\u00e0 attraverso cui affermare la vera giustizia sociale.<br><br>\u00c8 un\u2019Italia spaccata in due, societ\u00e0 chiusa e illiberale contro la societ\u00e0 aperta e liberale, ma se l\u2019Italia vuole essere competitiva nel sistema globale \u00e8 la seconda che deve emergere, non c\u2019\u00e8 alternativa. Il punto dolente \u00e8 che la societ\u00e0 liberale non ha mai trovato rappresentanza nel sistema politico italiano. Ecco il partito che non c\u2019\u00e8. L\u2019unico tentativo \u00e8 stato Forza Italia, ma \u00e8 Berlusconi che l\u2019ha resa un progetto incompiuto, un\u2019anatra zoppa fino a portarla alla sua deflagrazione di oggi per il proprio tornaconto personale. Il nostro bipolarismo dei guelfi e ghibellini, perennemente alimentato da luce riflessa da anni 70, la rappresentanza della societ\u00e0 liberale non l\u2019ha mai contemplata. La contesa elettorale verte ieri come oggi sulla rappresentanza della societ\u00e0 chiusa illiberale. Una sorta di partito unico dello statalismo imperante, dove lo schema destra\/sinistra serve a determinare la parte egemone, niente pi\u00f9. L\u2019abbiamo chiamata logica dell\u2019alternanza.<br><br>Le prossime elezioni sono le ultime in ordine cronologico di questo schema perverso, che esclude la parte dinamica del nostro Paese, che \u00e8 poi quella che ci permette di regger botta. Renew Italia deve essere rappresentante e interprete della societ\u00e0 libera aperta e lo deve fare nel modo pi\u00f9 inclusivo possibile, perch\u00e9 \u00e8 da questo pezzo di societ\u00e0 che deve formarsi ed emergere la sua futura classe dirigente e quella del Paese. Non conta e non deve contare la provenienza politica, deve contare la determinazione con cui ognuno di noi, in base alle sue capacit\u00e0, persegue questo obiettivo. Nessuno si deve arrogare il diritto di esercitare una \u201cgolden share\u201d in nome di un passato pi\u00f9 o meno glorioso, quanto insignificante.<br><br>Se alla fine della fiera Italia Viva e Azione si accontenteranno di fondersi tra loro, tradiranno le aspettative di tutti coloro che, sentendo sulla propria pelle il bisogno di liberalismo nella societ\u00e0, nelle istituzioni, nell\u2019economia, il 25 settembre andranno a votare per il terzo polo. La lista Italia sul serio, l\u2019agenda Draghi, il metodo Draghi, possibilmente riportare Draghi al governo del Paese sono la base di partenza, il cui consenso \u00e8 direttamente proporzionale alla percezione della gente che questa volta non \u00e8 un bluff, questa volta facciamo sul serio e ci mettiamo la faccia.<br><\/p>\n","protected":false},"excerpt":{"rendered":"<p>Cos\u2019\u00e8 il liberalismo perduto? \u00c8 quel male oscuro che ammorba il Paese e che viene dagli albori della nostra Repubblica, quando il nostro Paese libero e liberale fu pesantemente condizionato dal pi\u00f9 grande movimento comunista d\u2019Europa, contrapponendo una diversa visione dello stato, dell\u2019economia, della societ\u00e0, facendo s\u00ec che la matrice liberale andasse a scomparire. Da [&hellip;]<\/p>\n","protected":false},"author":1,"featured_media":1337,"comment_status":"closed","ping_status":"open","sticky":true,"template":"","format":"standard","meta":[],"categories":[73],"tags":[74,75,63,58],"_links":{"self":[{"href":"https:\/\/pietrozanantoni.it\/index.php?rest_route=\/wp\/v2\/posts\/1334"}],"collection":[{"href":"https:\/\/pietrozanantoni.it\/index.php?rest_route=\/wp\/v2\/posts"}],"about":[{"href":"https:\/\/pietrozanantoni.it\/index.php?rest_route=\/wp\/v2\/types\/post"}],"author":[{"embeddable":true,"href":"https:\/\/pietrozanantoni.it\/index.php?rest_route=\/wp\/v2\/users\/1"}],"replies":[{"embeddable":true,"href":"https:\/\/pietrozanantoni.it\/index.php?rest_route=%2Fwp%2Fv2%2Fcomments&post=1334"}],"version-history":[{"count":2,"href":"https:\/\/pietrozanantoni.it\/index.php?rest_route=\/wp\/v2\/posts\/1334\/revisions"}],"predecessor-version":[{"id":1338,"href":"https:\/\/pietrozanantoni.it\/index.php?rest_route=\/wp\/v2\/posts\/1334\/revisions\/1338"}],"wp:featuredmedia":[{"embeddable":true,"href":"https:\/\/pietrozanantoni.it\/index.php?rest_route=\/wp\/v2\/media\/1337"}],"wp:attachment":[{"href":"https:\/\/pietrozanantoni.it\/index.php?rest_route=%2Fwp%2Fv2%2Fmedia&parent=1334"}],"wp:term":[{"taxonomy":"category","embeddable":true,"href":"https:\/\/pietrozanantoni.it\/index.php?rest_route=%2Fwp%2Fv2%2Fcategories&post=1334"},{"taxonomy":"post_tag","embeddable":true,"href":"https:\/\/pietrozanantoni.it\/index.php?rest_route=%2Fwp%2Fv2%2Ftags&post=1334"}],"curies":[{"name":"wp","href":"https:\/\/api.w.org\/{rel}","templated":true}]}}